{"id":9291,"date":"2025-01-14T09:29:05","date_gmt":"2025-01-14T14:29:05","guid":{"rendered":"https:\/\/mitocanada.org\/profil-de-decouverte-dr-ingrid-tein\/"},"modified":"2025-05-15T13:52:48","modified_gmt":"2025-05-15T17:52:48","slug":"profil-de-decouverte-dr-ingrid-tein","status":"publish","type":"post","link":"https:\/\/mitocanada.org\/fr\/profil-de-decouverte-dr-ingrid-tein\/","title":{"rendered":"Profil de d\u00e9couverte : Dr. Ingrid Tein"},"content":{"rendered":"<div class=\"fusion-fullwidth fullwidth-box fusion-builder-row-1 fusion-flex-container nonhundred-percent-fullwidth non-hundred-percent-height-scrolling\" style=\"--awb-border-radius-top-left:0px;--awb-border-radius-top-right:0px;--awb-border-radius-bottom-right:0px;--awb-border-radius-bottom-left:0px;--awb-flex-wrap:wrap;\" ><div class=\"fusion-builder-row fusion-row fusion-flex-align-items-flex-start fusion-flex-content-wrap\" style=\"max-width:1456px;margin-left: calc(-4% \/ 2 );margin-right: calc(-4% \/ 2 );\"><div class=\"fusion-layout-column fusion_builder_column fusion-builder-column-0 fusion_builder_column_1_1 1_1 fusion-flex-column\" style=\"--awb-bg-size:cover;--awb-width-large:100%;--awb-margin-top-large:0px;--awb-spacing-right-large:1.92%;--awb-margin-bottom-large:20px;--awb-spacing-left-large:1.92%;--awb-width-medium:100%;--awb-order-medium:0;--awb-spacing-right-medium:1.92%;--awb-spacing-left-medium:1.92%;--awb-width-small:100%;--awb-order-small:0;--awb-spacing-right-small:1.92%;--awb-spacing-left-small:1.92%;\"><div class=\"fusion-column-wrapper fusion-column-has-shadow fusion-flex-justify-content-flex-start fusion-content-layout-column\"><div class=\"fusion-text fusion-text-1\"><h3>MitoCanada s&rsquo;associe \u00e0 MITO2i pour financer la recherche sur les mitochondries qui pourrait am\u00e9liorer la qualit\u00e9 de vie des personnes atteintes de troubles du spectre autistique.<\/h3>\n<\/div><div class=\"fusion-separator fusion-full-width-sep\" style=\"align-self: center;margin-left: auto;margin-right: auto;margin-top:25px;width:100%;\"><\/div><div class=\"fusion-text fusion-text-2\"><p>Les <b>troubles du spectre autistique (TSA) sont pr\u00e9sents dans 10 \u00e0 20 % des troubles mitochondriaux<\/b>.<\/p>\n<p>Les TSA sont un trouble du d\u00e9veloppement neurologique qui peut entra\u00eener d&rsquo;importants probl\u00e8mes sociaux, de communication et de comportement. Les personnes atteintes de TSA ont des difficult\u00e9s \u00e0 communiquer et \u00e0 interagir socialement et peuvent adopter des comportements r\u00e9p\u00e9titifs.<\/p>\n<p>Les TSA surviennent chez environ 10 \u00e0 20 % des personnes atteintes de troubles mitochondriaux. Les mutations g\u00e9n\u00e9tiques importantes dans les g\u00e8nes du d\u00e9veloppement neurologique peuvent expliquer environ 20 % des TSA. Des facteurs m\u00e9taboliques peuvent \u00e9galement affecter jusqu&rsquo;\u00e0 10-20 % des enfants. Il s&rsquo;agit notamment d&rsquo;anomalies au niveau des mitochondries et du syst\u00e8me d\u00e9pendant de la carnitine (Cn).<\/p>\n<p>La L-Cn est une vitamine s\u00fbre qui joue un r\u00f4le important dans la production d&rsquo;\u00e9nergie pour le cerveau, la protection de celui-ci contre l&rsquo;exc\u00e8s de radicaux libres toxiques et l&rsquo;aide \u00e0 la neurotransmission.<\/p>\n<p>Il est souvent utilis\u00e9 pour traiter les troubles mitochondriaux. Le cerveau poss\u00e8de trois transporteurs de Cn. Le dysfonctionnement de l&rsquo;un d&rsquo;entre eux est associ\u00e9 au TDAH et aux troubles de l&rsquo;identit\u00e9. Certains enfants atteints de TSA ont r\u00e9agi positivement \u00e0 la Cn, en particulier ceux qui pr\u00e9sentaient des d\u00e9fauts dans la voie de la Cn.<\/p>\n<p><b>Plus t\u00f4t nous pourrons identifier et traiter les enfants \u00e0 risque, plus grand sera l&rsquo;effet sur le d\u00e9veloppement du cerveau et la qualit\u00e9 de vie.<\/b><\/p>\n<p>Les recherches du Dr Tein visent \u00e0 identifier les variantes de risque g\u00e9n\u00e9tique dans les familles de g\u00e8nes du transporteur et de la biosynth\u00e8se de la Cn. Elle pr\u00e9voit \u00e9galement d&rsquo;identifier les facteurs de risque cliniques conduisant \u00e0 une d\u00e9ficience en Cn dans un groupe d&rsquo;enfants atteints de TSA.<\/p>\n<p>Cette approche permettra de s\u00e9lectionner les enfants pr\u00e9sentant un risque de carence en carnitine en vue d&rsquo;\u00e9ventuels essais cliniques futurs, afin de s\u00e9lectionner ceux qui pourraient avoir une r\u00e9ponse positive \u00e0 la Cn. On esp\u00e8re ainsi am\u00e9liorer la communication sociale, l&rsquo;attention et l&rsquo;apprentissage d&rsquo;un sous-groupe d&rsquo;enfants atteints de TSA.<\/p>\n<\/div><div class=\"fusion-separator fusion-full-width-sep\" style=\"align-self: center;margin-left: auto;margin-right: auto;margin-top:25px;width:100%;\"><\/div><div class=\"fusion-text fusion-text-3\"><p><b>Dr. Ingrid Tein <\/b>| <i>Directrice, Neurometabolic Clinic, Hospital for Sick Children<\/i><\/p>\n<p><i>Identification of Candidate Genetic Susceptibility Variants in the Carnitine Transporter and Carnitine <\/i><i>Biosynthesis Gene Families in Autism Spectrum Disorder<\/i><i>(Identification de variantes g\u00e9n\u00e9tiques candidates de susceptibilit\u00e9 <\/i><i>dans les familles de g\u00e8nes du<\/i><i>transporteur de la carnitine et de la <\/i><i>biosynth\u00e8se de la<\/i><i>carnitine <\/i><i>dans les troubles du spectre autistique) : Une nouvelle cible pour la m\u00e9decine de pr\u00e9cision<\/i><\/p>\n<\/div><\/div><\/div><\/div><\/div>\n","protected":false},"excerpt":{"rendered":"","protected":false},"author":2,"featured_media":9281,"comment_status":"open","ping_status":"open","sticky":false,"template":"","format":"standard","meta":{"om_disable_all_campaigns":false,"_monsterinsights_skip_tracking":false,"_monsterinsights_sitenote_active":false,"_monsterinsights_sitenote_note":"","_monsterinsights_sitenote_category":0,"_uf_show_specific_survey":0,"_uf_disable_surveys":false,"footnotes":""},"categories":[56],"tags":[],"class_list":["post-9291","post","type-post","status-publish","format-standard","has-post-thumbnail","hentry","category-profil-de-decouverte"],"aioseo_notices":[],"_links":{"self":[{"href":"https:\/\/mitocanada.org\/fr\/wp-json\/wp\/v2\/posts\/9291","targetHints":{"allow":["GET"]}}],"collection":[{"href":"https:\/\/mitocanada.org\/fr\/wp-json\/wp\/v2\/posts"}],"about":[{"href":"https:\/\/mitocanada.org\/fr\/wp-json\/wp\/v2\/types\/post"}],"author":[{"embeddable":true,"href":"https:\/\/mitocanada.org\/fr\/wp-json\/wp\/v2\/users\/2"}],"replies":[{"embeddable":true,"href":"https:\/\/mitocanada.org\/fr\/wp-json\/wp\/v2\/comments?post=9291"}],"version-history":[{"count":5,"href":"https:\/\/mitocanada.org\/fr\/wp-json\/wp\/v2\/posts\/9291\/revisions"}],"predecessor-version":[{"id":10681,"href":"https:\/\/mitocanada.org\/fr\/wp-json\/wp\/v2\/posts\/9291\/revisions\/10681"}],"wp:featuredmedia":[{"embeddable":true,"href":"https:\/\/mitocanada.org\/fr\/wp-json\/wp\/v2\/media\/9281"}],"wp:attachment":[{"href":"https:\/\/mitocanada.org\/fr\/wp-json\/wp\/v2\/media?parent=9291"}],"wp:term":[{"taxonomy":"category","embeddable":true,"href":"https:\/\/mitocanada.org\/fr\/wp-json\/wp\/v2\/categories?post=9291"},{"taxonomy":"post_tag","embeddable":true,"href":"https:\/\/mitocanada.org\/fr\/wp-json\/wp\/v2\/tags?post=9291"}],"curies":[{"name":"wp","href":"https:\/\/api.w.org\/{rel}","templated":true}]}}